{"id":7610,"date":"2020-08-22T12:42:00","date_gmt":"2020-08-22T10:42:00","guid":{"rendered":"https:\/\/www.moatti-riviere.com\/?p=7610"},"modified":"2020-12-23T15:11:12","modified_gmt":"2020-12-23T14:11:12","slug":"les-franciscaines-le-futur-pole-culturel-de-deauville-sannonce-unique-en-son-genre","status":"publish","type":"post","link":"https:\/\/www.moatti-riviere.com\/en\/les-franciscaines-le-futur-pole-culturel-de-deauville-sannonce-unique-en-son-genre.html","title":{"rendered":"Les Franciscaines, le futur p\u00f4le culturel de Deauville s&#8217;annonce unique en son genre"},"content":{"rendered":"\n<h2 class=\"wp-block-heading\">Les Franciscaines, le futur p\u00f4le culturel de Deauville s&#8217;annonce unique en son genre !<\/h2>\n\n\n\n<p>Le chantier des Franciscaines \u00e0 Deauville, retard\u00e9 par la crise sanitaire, se poursuit. Ce lieu \u00e0 la fois mus\u00e9e, m\u00e9diath\u00e8que&nbsp;et biblioth\u00e8que, s&#8217;annonce prometteur.&nbsp;Article r\u00e9dig\u00e9 par<\/p>\n\n\n\n<p><a href=\"https:\/\/www.francetvinfo.fr\/journaliste\/marion-gadea\/\">Marion Gadea<\/a> France T\u00e9l\u00e9visions&nbsp;<\/p>\n\n\n\n<p>R\u00e9daction CulturePubli\u00e9&nbsp;le 27\/08\/2020 17:39<\/p>\n\n\n\n<p>Mis \u00e0 jour&nbsp;le 27\/08\/2020 17:39&nbsp;Temps de lecture :&nbsp;<strong>1 min.<\/strong><\/p>\n\n\n\n<figure class=\"wp-block-image\"><img decoding=\"async\" src=\"https:\/\/www.francetvinfo.fr\/pictures\/GOefcIcSDA7Fmy8agL1iwyp92YM\/752x423\/2020\/08\/27\/phpEl4Kpt.jpg\" alt=\"Le futur clo\u00eetre des Franciscaines \u00e0 Deauville imagin\u00e9 \u00e0 Moatti-Rivi\u00e8re (Moatti-Rivi\u00e8re)\"\/><figcaption>Le futur clo\u00eetre des Franciscaines \u00e0 Deauville imagin\u00e9 \u00e0 Moatti-Rivi\u00e8re&nbsp;(Moatti-Rivi\u00e8re)<\/figcaption><\/figure>\n\n\n\n<p>Deauville, ses c\u00e9l\u00e8bres Planches, son&nbsp;F<a href=\"https:\/\/www.festival-deauville.com\/\">estival du cin\u00e9ma am\u00e9ricain<\/a>&nbsp;et bient\u00f4t son&nbsp;vaste p\u00f4le culturel des&nbsp;<a href=\"https:\/\/www.indeauville.fr\/projet-les-franciscaines\">Franciscaines<\/a>. Celui-ci se trouvera dans un ancien couvent rachet\u00e9 par la municipalit\u00e9. L&#8217;inauguration pr\u00e9vue en juin dernier a \u00e9t\u00e9 repouss\u00e9e en raison de la crise sanitaire. Elle est d\u00e9sormais programm\u00e9e en mars prochain.&nbsp;<\/p>\n\n\n\n<h2 class=\"wp-block-heading\">Un mus\u00e9e hybride sur un site majestueux<\/h2>\n\n\n\n<p>Ce lieu s&#8217;annonce grandiose avec son clo\u00eetre recouvert d&#8217;un lustre spectaculaire. Il abritera non seulement des milliers de livres, CD et DVD&nbsp;avec des&nbsp;th\u00e8mes chers \u00e0 la ville comme le<em>&nbsp;<\/em>cheval, le cin\u00e9ma et la photographie. Il&nbsp;servira aussi d&#8217;\u00e9crin \u00e0 des manifestations culturelles. Ce nouveau site, hybride, se veut unique en son genre comme l&#8217;explique Caroline Cl\u00e9mensat, la directrice des Franciscaines.<\/p>\n\n\n\n<p><em>&#8220;Il importe peu au visiteur de savoir s&#8217;il est dans un mus\u00e9e ou dans une m\u00e9diath\u00e8que. Ce qu&#8217;il veut c&#8217;est vivre une exp\u00e9rience culturelle, et cette exp\u00e9rience va \u00eatre enrichie par la fusion de ces fonctions de m\u00e9diath\u00e8que et de spectacles<\/em>.&#8221;<\/p>\n\n\n\n<figure class=\"wp-block-image\"><img decoding=\"async\" src=\"https:\/\/www.francetvinfo.fr\/pictures\/Hui4DjsVHqCPFWFW0m7PLwOPyHE\/fit-in\/720x\/2020\/08\/27\/phpGwZBDw.jpg\" alt=\"\"\/><\/figure>\n\n\n\n<p>Des \u00e9v\u00e9nements seront aussi organis\u00e9s dans la cour de r\u00e9cr\u00e9ation des&nbsp;<a href=\"https:\/\/www.indeauville.fr\/projet-les-franciscaines\">Franciscaines<\/a>, qui fut jadis un orphelinat mais aussi une \u00e9cole pour jeunes filles. Ce vaste p\u00f4le sera \u00e9galement \u00e9quip\u00e9 d&#8217;un auditorium.&nbsp;<\/p>\n\n\n\n<h2 class=\"wp-block-heading\">25 millions d&#8217;euros pour le rayonnement de Deauville<\/h2>\n\n\n\n<p>Deauville s&#8217;est offert ce joyau pour accro\u00eetre son offre culturelle mais aussi pour faire rayonner la ville. Plus de 25 millions&nbsp;d&#8217;euros ont \u00e9t\u00e9 investis (dont plus de 15 millions \u00e0 la charge de la municipalit\u00e9).&nbsp;Ce&nbsp;mus\u00e9e entend m\u00ealer histoire et modernit\u00e9. Il mettra en avant la m\u00e9moire de la ville et proposera des exp\u00e9riences num\u00e9riques uniques. &#8220;<em>La culture est tr\u00e8s attractive pour les populations&nbsp;que nous cherchons \u00e0 attirer, les touristes et ceux qui ont des r\u00e9sidences secondaires.&#8221;&nbsp;<\/em>s&#8217;enthousiame&nbsp;Philippe Augier, le maire de Deauville<em>.<\/em><\/p>\n\n\n\n<p>L&#8217;ouverture est pr\u00e9vue le 20 mars 2021, avec une exposition qui m\u00e8nera le visiteur&nbsp;<em>Sur les chemins du paradis<\/em>, comme un hommage \u00e0 cet \u00e9difice religieux et \u00e0 sa reconversion.&nbsp;<\/p>\n","protected":false},"excerpt":{"rendered":"<p>Les Franciscaines, le futur p\u00f4le culturel de Deauville s&#8217;annonce unique en son genre ! Le chantier des Franciscaines \u00e0 Deauville, retard\u00e9 par la crise sanitaire, se poursuit. Ce lieu \u00e0 la fois mus\u00e9e, m\u00e9diath\u00e8que&nbsp;et biblioth\u00e8que, s&#8217;annonce prometteur.&nbsp;Article r\u00e9dig\u00e9 par Marion Gadea France T\u00e9l\u00e9visions&nbsp; R\u00e9daction CulturePubli\u00e9&nbsp;le 27\/08\/2020 17:39 Mis \u00e0 jour&nbsp;le 27\/08\/2020 17:39&nbsp;Temps de lecture :&nbsp;1 [&hellip;]<\/p>\n","protected":false},"author":4,"featured_media":7591,"comment_status":"closed","ping_status":"open","sticky":false,"template":"","format":"standard","meta":{"_seopress_robots_primary_cat":"","_seopress_titles_title":"","_seopress_titles_desc":"","_seopress_robots_index":"","ngg_post_thumbnail":0,"footnotes":""},"categories":[6],"tags":[],"class_list":["post-7610","post","type-post","status-publish","format-standard","has-post-thumbnail","hentry","category-type-actualites"],"_links":{"self":[{"href":"https:\/\/www.moatti-riviere.com\/en\/wp-json\/wp\/v2\/posts\/7610","targetHints":{"allow":["GET"]}}],"collection":[{"href":"https:\/\/www.moatti-riviere.com\/en\/wp-json\/wp\/v2\/posts"}],"about":[{"href":"https:\/\/www.moatti-riviere.com\/en\/wp-json\/wp\/v2\/types\/post"}],"author":[{"embeddable":true,"href":"https:\/\/www.moatti-riviere.com\/en\/wp-json\/wp\/v2\/users\/4"}],"replies":[{"embeddable":true,"href":"https:\/\/www.moatti-riviere.com\/en\/wp-json\/wp\/v2\/comments?post=7610"}],"version-history":[{"count":2,"href":"https:\/\/www.moatti-riviere.com\/en\/wp-json\/wp\/v2\/posts\/7610\/revisions"}],"predecessor-version":[{"id":7814,"href":"https:\/\/www.moatti-riviere.com\/en\/wp-json\/wp\/v2\/posts\/7610\/revisions\/7814"}],"wp:featuredmedia":[{"embeddable":true,"href":"https:\/\/www.moatti-riviere.com\/en\/wp-json\/wp\/v2\/media\/7591"}],"wp:attachment":[{"href":"https:\/\/www.moatti-riviere.com\/en\/wp-json\/wp\/v2\/media?parent=7610"}],"wp:term":[{"taxonomy":"category","embeddable":true,"href":"https:\/\/www.moatti-riviere.com\/en\/wp-json\/wp\/v2\/categories?post=7610"},{"taxonomy":"post_tag","embeddable":true,"href":"https:\/\/www.moatti-riviere.com\/en\/wp-json\/wp\/v2\/tags?post=7610"}],"curies":[{"name":"wp","href":"https:\/\/api.w.org\/{rel}","templated":true}]}}